{"id":8732,"date":"2024-03-21T07:14:00","date_gmt":"2024-03-21T10:14:00","guid":{"rendered":"http:\/\/www.fcv.unlp.edu.ar\/?p=8732"},"modified":"2024-06-28T09:27:21","modified_gmt":"2024-06-28T12:27:21","slug":"programas-y-proyectos-de-extension","status":"publish","type":"post","link":"https:\/\/www.fcv.unlp.edu.ar\/index.php\/extension\/programas-y-proyectos-de-extension\/","title":{"rendered":"PROGRAMAS Y PROYECTOS DE EXTENSI\u00d3N"},"content":{"rendered":"\n<div style=\"height:30px\" aria-hidden=\"true\" class=\"wp-block-spacer\"><\/div>\n\n\n\n<h2 class=\"wp-block-heading\">PROGRAMAS<\/h2>\n\n\n\n<div style=\"height:10px\" aria-hidden=\"true\" class=\"wp-block-spacer\"><\/div>\n\n\n\n<h6 class=\"wp-block-heading\">Programa de Fortalecimiento de la Econom\u00eda Popular, Social y Solidaria de la Convocatoria Ordinaria 2019<\/h6>\n\n\n\n<p>Proyectos que conforman el programa:<\/p>\n\n\n\n<p>1) Manos de la Tierra.<\/p>\n\n\n\n<p>2) Tambo y Cerdos Sanos.<\/p>\n\n\n\n<p>3) Acompa\u00f1amiento al asociativismo productivo (MiPymes y EPSS).<\/p>\n\n\n\n<p>4) Turismo, patrimonio y desarrollo en el periurbano platense.<\/p>\n\n\n\n<p>5) Banco de Germoplasma: fortalecimiento de la Agricultura Familiar.<\/p>\n\n\n\n<p>6) Seguridad Alimentaria y Educaci\u00f3n Popular para trabajadores.<\/p>\n\n\n\n<p>7) Agregando valor del productor al consumidor.<\/p>\n\n\n\n<div style=\"height:30px\" aria-hidden=\"true\" class=\"wp-block-spacer\"><\/div>\n\n\n\n<h6 class=\"wp-block-heading\">Programa Planta de Alimentos para la Integraci\u00f3n Social (P.A.I.S)<\/h6>\n\n\n\n<p><strong>Director:<\/strong>&nbsp;Juan Manuel Santill\u00e1n<\/p>\n\n\n\n<p><strong>Representante&nbsp;Titular del Consejo Asesor por la Facultad:&nbsp;<\/strong>Doctora Victoria Brusa.<\/p>\n\n\n\n<p><strong>Representante Suplente del Consejo Asesor por la Facultad:&nbsp;<\/strong>Doctor Alejandro Rafael Valera.<\/p>\n\n\n\n<div style=\"height:50px\" aria-hidden=\"true\" class=\"wp-block-spacer\"><\/div>\n\n\n\n<h2 class=\"wp-block-heading\">PROYECTOS<\/h2>\n\n\n\n<div style=\"height:10px\" aria-hidden=\"true\" class=\"wp-block-spacer\"><\/div>\n\n\n\n<h6 class=\"wp-block-heading\">Tambo y Cerdos Sanos<\/h6>\n\n\n\n<p>Busca el fortalecimiento de la producci\u00f3n del sector de la Agricultura Familiar en las zonas de Ca\u00f1uelas, San Vicente, Magdalena, Punta Indio y Ensenada, realizando pr\u00e1cticas sanitarias de campo y acompa\u00f1amiento socio productivo a los y las peque\u00f1as productoras en conjunto con t\u00e9cnicos, productores, instituciones, escuelas rurales y dem\u00e1s actores del desarrollo local.<\/p>\n\n\n\n<div style=\"height:30px\" aria-hidden=\"true\" class=\"wp-block-spacer\"><\/div>\n\n\n\n<h6 class=\"wp-block-heading\">Manos de la Tierra<\/h6>\n\n\n\n<p>Conforma un grupo de productores que comercializan en forma directa su producci\u00f3n a trav\u00e9s de ferias. Es una forma de venta directa del productor al consumidor, que nace en 2008, enmarcada en la econom\u00eda social y solidaria, donde se encuentran gran variedad de productos regionales de estaci\u00f3n que buscan fortalecer la Agricultura Familiar en el Gran La Plata. Funciona los mi\u00e9rcoles en el patio de ingreso de la Facultad de Ciencias Agrarias y Forestales y los viernes en los jardines de la Facultad de Ingenier\u00eda. A su vez, los viernes algunos feriantes participan en el Paseo de la Econom\u00eda Social y Solidaria del Consejo Social de la UNLP, en los jardines de Presidencia de la UNLP.<\/p>\n\n\n\n<div style=\"height:30px\" aria-hidden=\"true\" class=\"wp-block-spacer\"><\/div>\n\n\n\n<h6 class=\"wp-block-heading\">Fondo para Microcr\u00e9dito<\/h6>\n\n\n\n<p>Este proyecto viene trabajando desde 2005, en conjunto con la Facultad de Ciencias Agrarias, en la implementaci\u00f3n de fondos rotatorios de microcr\u00e9dito, destinados a productores familiares, excluidos del sistema formal de cr\u00e9dito. Se han otorgado m\u00e1s de 300 microcr\u00e9ditos, por un monto mayor a los 2 millones de pesos.<\/p>\n\n\n\n<div style=\"height:30px\" aria-hidden=\"true\" class=\"wp-block-spacer\"><\/div>\n\n\n\n<h6 class=\"wp-block-heading\">Sala de Elaboraci\u00f3n de alimentos procesados \u201cLa Cocina\u201d<\/h6>\n\n\n\n<p>La sala educativa y productiva es un espacio novedoso ubicado en la Facultad de Ciencias Veterinarias destinado a la formaci\u00f3n, capacitaci\u00f3n y agregado de valor de dulces y encurtidos. Actualmente, se est\u00e1 completando su equipamiento para tener pleno funcionamiento y constituirse en una unidad de elaboraci\u00f3n del sector frutihort\u00edcola de la regi\u00f3n.<\/p>\n\n\n\n<div style=\"height:30px\" aria-hidden=\"true\" class=\"wp-block-spacer\"><\/div>\n\n\n\n<h6 class=\"wp-block-heading\">Caminando el Cerro<\/h6>\n\n\n\n<p>Desarrolla su actividad en el Departamento de Molinos, provincia de Salta, con las comunidades del Valle desde 2010. Trabaja en conjunto con la Agencia de Extensi\u00f3n Rural INTA y la ONG Red del Valle. Se realizan pasant\u00edas con estudiantes y docentes de la Facultad, quienes coordinan las tareas que se desarrollan en el territorio.<\/p>\n\n\n\n<div style=\"height:30px\" aria-hidden=\"true\" class=\"wp-block-spacer\"><\/div>\n\n\n\n<h6 class=\"wp-block-heading\">Avicultura Familiar<\/h6>\n\n\n\n<p>Abarca la zona de comprendida entre la localidad de Punta Lara (Ensenada) y la localidad de Pipinas (Punta Indio). Apunta a facilitar a los productores recursos tecnol\u00f3gicos apropiados para el sector, a partir de la creaci\u00f3n de un Centro de Multiplicaci\u00f3n Av\u00edcola, que logre cubrir la demanda regional de pollos parrilleros y pollitas ponedoras de reposici\u00f3n.<\/p>\n\n\n\n<p>Realiza encuentros de capacitaci\u00f3n en sanidad av\u00edcola, bioseguridad, enfermedades frecuentes, planes sanitarios b\u00e1sicos y talleres te\u00f3rico-pr\u00e1cticos para la toma de muestra, diagn\u00f3stico y control de par\u00e1sitos internos y externos, junto con la elaboraci\u00f3n de un manual de buenas pr\u00e1cticas av\u00edcolas, entre otras actividades.<\/p>\n\n\n\n<div style=\"height:30px\" aria-hidden=\"true\" class=\"wp-block-spacer\"><\/div>\n\n\n\n<h6 class=\"wp-block-heading\">Educaci\u00f3n Popular Monte Adentro. Fortaleciendo lo productivo<\/h6>\n\n\n\n<p>Son pasant\u00edas vivenciales en territorios organizados en el Movimiento Campesino de Santiago del Estero &#8211; V\u00eda Campesina (MOCASE-VC), uno de los movimientos sociales m\u00e1s grandes del pa\u00eds, que aglutina a m\u00e1s de 9 mil familias productoras. Est\u00e1 destinado a docentes, estudiantes y a toda la comunidad acad\u00e9mica.<\/p>\n\n\n\n<div style=\"height:30px\" aria-hidden=\"true\" class=\"wp-block-spacer\"><\/div>\n\n\n\n<h6 class=\"wp-block-heading\">Red Integral de Fortalecimiento y Promoci\u00f3n de la Agricultura Familiar del periurbano platense<\/h6>\n\n\n\n<p>Propone diversas l\u00edneas de trabajo (financiamiento, capacitaci\u00f3n, asistencia t\u00e9cnica, comercializaci\u00f3n, contable, jur\u00eddico, comunicaci\u00f3n, h\u00e1bitat, salud y g\u00e9nero, etc.) desde las que se conforma una Red que apunta al fortalecimiento integral socio-organizacional de las cooperativas, asociaciones civiles y grupos asociados al sector. Participa un equipo interdisciplinario formado por Facultades de Trabajo Social, Ciencias Agrarias y Forestales y Ciencias Veterinarias y tres instituciones de apoyo (IMFC, INTA, Subsecretar\u00eda de Agricultura Familiar) y productores familiares nucleados en cooperativas u organizaciones.<\/p>\n\n\n\n<div style=\"height:30px\" aria-hidden=\"true\" class=\"wp-block-spacer\"><\/div>\n\n\n\n<h6 class=\"wp-block-heading\">Aportes al Desarrollo Rural en Comunidades de Jujuy<\/h6>\n\n\n\n<p>Consiste en el trabajo con comunidades de la regi\u00f3n de El Ramal y Quebrada de Humahuaca de Jujuy, con el fin de aportar a su mejoramiento integral en salud animal, comunitaria y en la producci\u00f3n de la Agricultura Familiar.<\/p>\n\n\n\n<p>De relevamientos sanitarios realizados surge la necesidad de un plan piloto de sanidad en producciones ganaderas familiares. Del diagn\u00f3stico participativo realizado con los productores locales e instituciones relacionadas con el sector (INTA, SENASA, Direcci\u00f3n de Ganader\u00eda), se pretende ampliar el abordaje con diversas tem\u00e1ticas de la producci\u00f3n ganadera.<\/p>\n\n\n\n<div style=\"height:30px\" aria-hidden=\"true\" class=\"wp-block-spacer\"><\/div>\n\n\n\n<h6 class=\"wp-block-heading\">Agregado de valor del productor al consumidor<\/h6>\n\n\n\n<p>Busca promover la producci\u00f3n pecuaria para el autoconsumo en \u00e1reas del cintur\u00f3n frutihort\u00edcola de la ciudad de La Plata y brindar capacitaci\u00f3n para la producci\u00f3n y utilizaci\u00f3n de alimentos con destino al consumo familiar.<\/p>\n\n\n\n<div style=\"height:30px\" aria-hidden=\"true\" class=\"wp-block-spacer\"><\/div>\n\n\n\n<figure class=\"wp-block-gallery has-nested-images columns-default is-cropped wp-block-gallery-1 is-layout-flex wp-block-gallery-is-layout-flex\">\n<figure class=\"wp-block-image size-large\"><img fetchpriority=\"high\" decoding=\"async\" width=\"932\" height=\"699\" data-id=\"8735\" src=\"http:\/\/www.fcv.unlp.edu.ar\/wp-content\/uploads\/2024\/03\/programas-y-proyectos-ag-01.jpg\" alt=\"\" class=\"wp-image-8735\" srcset=\"https:\/\/www.fcv.unlp.edu.ar\/wp-content\/uploads\/2024\/03\/programas-y-proyectos-ag-01.jpg 932w, https:\/\/www.fcv.unlp.edu.ar\/wp-content\/uploads\/2024\/03\/programas-y-proyectos-ag-01-300x225.jpg 300w, https:\/\/www.fcv.unlp.edu.ar\/wp-content\/uploads\/2024\/03\/programas-y-proyectos-ag-01-768x576.jpg 768w\" sizes=\"(max-width: 932px) 100vw, 932px\" \/><\/figure>\n\n\n\n<figure class=\"wp-block-image size-large\"><img decoding=\"async\" width=\"699\" height=\"932\" data-id=\"8737\" src=\"http:\/\/www.fcv.unlp.edu.ar\/wp-content\/uploads\/2024\/03\/programas-y-proyectos-ag-03.jpg\" alt=\"\" class=\"wp-image-8737\" srcset=\"https:\/\/www.fcv.unlp.edu.ar\/wp-content\/uploads\/2024\/03\/programas-y-proyectos-ag-03.jpg 699w, https:\/\/www.fcv.unlp.edu.ar\/wp-content\/uploads\/2024\/03\/programas-y-proyectos-ag-03-225x300.jpg 225w\" sizes=\"(max-width: 699px) 100vw, 699px\" \/><\/figure>\n\n\n\n<figure class=\"wp-block-image size-large\"><img decoding=\"async\" width=\"699\" height=\"932\" data-id=\"8736\" src=\"http:\/\/www.fcv.unlp.edu.ar\/wp-content\/uploads\/2024\/03\/programas-y-proyectos-ag-02.jpg\" alt=\"\" class=\"wp-image-8736\" srcset=\"https:\/\/www.fcv.unlp.edu.ar\/wp-content\/uploads\/2024\/03\/programas-y-proyectos-ag-02.jpg 699w, https:\/\/www.fcv.unlp.edu.ar\/wp-content\/uploads\/2024\/03\/programas-y-proyectos-ag-02-225x300.jpg 225w\" sizes=\"(max-width: 699px) 100vw, 699px\" \/><\/figure>\n\n\n\n<figure class=\"wp-block-image size-large\"><img loading=\"lazy\" decoding=\"async\" width=\"932\" height=\"621\" data-id=\"8733\" src=\"http:\/\/www.fcv.unlp.edu.ar\/wp-content\/uploads\/2024\/03\/programas-y-proyectos-ag-04.jpeg\" alt=\"\" class=\"wp-image-8733\" srcset=\"https:\/\/www.fcv.unlp.edu.ar\/wp-content\/uploads\/2024\/03\/programas-y-proyectos-ag-04.jpeg 932w, https:\/\/www.fcv.unlp.edu.ar\/wp-content\/uploads\/2024\/03\/programas-y-proyectos-ag-04-300x200.jpeg 300w, https:\/\/www.fcv.unlp.edu.ar\/wp-content\/uploads\/2024\/03\/programas-y-proyectos-ag-04-768x512.jpeg 768w\" sizes=\"(max-width: 932px) 100vw, 932px\" \/><\/figure>\n\n\n\n<figure class=\"wp-block-image size-large\"><img loading=\"lazy\" decoding=\"async\" width=\"932\" height=\"621\" data-id=\"8734\" src=\"http:\/\/www.fcv.unlp.edu.ar\/wp-content\/uploads\/2024\/03\/programas-y-proyectos-ag-05.jpeg\" alt=\"\" class=\"wp-image-8734\" srcset=\"https:\/\/www.fcv.unlp.edu.ar\/wp-content\/uploads\/2024\/03\/programas-y-proyectos-ag-05.jpeg 932w, https:\/\/www.fcv.unlp.edu.ar\/wp-content\/uploads\/2024\/03\/programas-y-proyectos-ag-05-300x200.jpeg 300w, https:\/\/www.fcv.unlp.edu.ar\/wp-content\/uploads\/2024\/03\/programas-y-proyectos-ag-05-768x512.jpeg 768w\" sizes=\"(max-width: 932px) 100vw, 932px\" \/><\/figure>\n<\/figure>\n","protected":false},"excerpt":{"rendered":"<p>PROGRAMAS Programa de Fortalecimiento de la Econom\u00eda Popular, Social y Solidaria de la Convocatoria Ordinaria 2019 Proyectos que conforman el programa: 1) Manos de la Tierra. 2) Tambo y Cerdos Sanos. 3) Acompa\u00f1amiento al asociativismo productivo (MiPymes y EPSS). 4) Turismo, patrimonio y desarrollo en el periurbano platense. 5) Banco de Germoplasma: fortalecimiento de la [&hellip;]<\/p>\n","protected":false},"author":5,"featured_media":0,"comment_status":"closed","ping_status":"closed","sticky":false,"template":"","format":"standard","meta":{"elearning_container_layout":"tg-site-layout--default","elearning_sidebar_layout":"tg-site-layout--default","elearning_remove_content_margin":false,"elearning_sidebar":"default","elearning_transparent_header":"customizer","elearning_logo":0,"elearning_header_style":"default","elearning_menu_item_color":"","elearning_menu_item_hover_color":"","elearning_menu_item_active_color":"","elearning_menu_item_active_style":"","elearning_page_header":true,"_themeisle_gutenberg_block_has_review":false,"footnotes":""},"categories":[21,14],"tags":[],"class_list":["post-8732","post","type-post","status-publish","format-standard","hentry","category-agricultura-familiar","category-extension"],"publishpress_future_action":{"enabled":false,"date":"2026-05-08 10:46:38","action":"change-status","newStatus":"draft","terms":[],"taxonomy":"category","extraData":[]},"publishpress_future_workflow_manual_trigger":{"enabledWorkflows":[]},"_links":{"self":[{"href":"https:\/\/www.fcv.unlp.edu.ar\/index.php\/wp-json\/wp\/v2\/posts\/8732","targetHints":{"allow":["GET"]}}],"collection":[{"href":"https:\/\/www.fcv.unlp.edu.ar\/index.php\/wp-json\/wp\/v2\/posts"}],"about":[{"href":"https:\/\/www.fcv.unlp.edu.ar\/index.php\/wp-json\/wp\/v2\/types\/post"}],"author":[{"embeddable":true,"href":"https:\/\/www.fcv.unlp.edu.ar\/index.php\/wp-json\/wp\/v2\/users\/5"}],"replies":[{"embeddable":true,"href":"https:\/\/www.fcv.unlp.edu.ar\/index.php\/wp-json\/wp\/v2\/comments?post=8732"}],"version-history":[{"count":3,"href":"https:\/\/www.fcv.unlp.edu.ar\/index.php\/wp-json\/wp\/v2\/posts\/8732\/revisions"}],"predecessor-version":[{"id":13712,"href":"https:\/\/www.fcv.unlp.edu.ar\/index.php\/wp-json\/wp\/v2\/posts\/8732\/revisions\/13712"}],"wp:attachment":[{"href":"https:\/\/www.fcv.unlp.edu.ar\/index.php\/wp-json\/wp\/v2\/media?parent=8732"}],"wp:term":[{"taxonomy":"category","embeddable":true,"href":"https:\/\/www.fcv.unlp.edu.ar\/index.php\/wp-json\/wp\/v2\/categories?post=8732"},{"taxonomy":"post_tag","embeddable":true,"href":"https:\/\/www.fcv.unlp.edu.ar\/index.php\/wp-json\/wp\/v2\/tags?post=8732"}],"curies":[{"name":"wp","href":"https:\/\/api.w.org\/{rel}","templated":true}]}}