{"id":7545,"date":"2024-03-06T08:11:09","date_gmt":"2024-03-06T11:11:09","guid":{"rendered":"http:\/\/www.fcv.unlp.edu.ar\/?p=7545"},"modified":"2024-05-24T10:10:57","modified_gmt":"2024-05-24T13:10:57","slug":"direccion-de-comunicacion-prensa-y-medios-audiovisuales","status":"publish","type":"post","link":"https:\/\/www.fcv.unlp.edu.ar\/index.php\/institucional\/direccion-de-comunicacion-prensa-y-medios-audiovisuales\/","title":{"rendered":"DIRECCI\u00d3N DE COMUNICACI\u00d3N, PRENSA Y MEDIOS AUDIOVISUALES"},"content":{"rendered":"\n<p><strong>Directora:&nbsp;<\/strong>Periodista Eleonora Rolleri.<\/p>\n\n\n\n<p><strong>Conmutador:<\/strong>&nbsp;(0221) 423-6663\/4 Interno 417.<\/p>\n\n\n\n<p><strong>Correo electr\u00f3nico:<\/strong>&nbsp;<a href=\"mailto:comunicacion@fcv.unlp.edu.ar\">comunicacion@fcv.unlp.edu.ar<\/a><\/p>\n\n\n\n<div style=\"height:30px\" aria-hidden=\"true\" class=\"wp-block-spacer\"><\/div>\n\n\n\n<p><strong>La Direcci\u00f3n de Comunicaci\u00f3n, Prensa y Medios Audiovisuales:<\/strong><\/p>\n\n\n\n<ul class=\"wp-block-list\">\n<li>Depende directamente del Vicedecanato.<\/li>\n\n\n\n<li>Cumple tareas de direcci\u00f3n, administraci\u00f3n y control t\u00e9cnico general del \u00e1rea de su competencia.<\/li>\n\n\n\n<li>Asesora a los niveles superiores.<\/li>\n\n\n\n<li>Tiene a su cargo la supervisi\u00f3n y el control del desempe\u00f1o de los departamentos a su cargo.<\/li>\n\n\n\n<li>Planifica las actividades de los departamentos y el personal comprendido en el \u00e1rea.<\/li>\n\n\n\n<li>Elabora informes peri\u00f3dicos sobre las necesidades de recursos de los departamentos a su cargo.<\/li>\n\n\n\n<li>Ejecuta las pol\u00edticas comunicacionales de la autoridad superior.<\/li>\n\n\n\n<li>Propone los procesos de capacitaci\u00f3n del personal a su cargo.<\/li>\n\n\n\n<li>Es el responsable t\u00e9cnico profesional de la comunicaci\u00f3n interna y externa, as\u00ed como de la vinculaci\u00f3n interinstitucional en materia comunicacional.<\/li>\n<\/ul>\n\n\n\n<div style=\"height:30px\" aria-hidden=\"true\" class=\"wp-block-spacer\"><\/div>\n\n\n\n<h6 class=\"wp-block-heading\">\u00a0INTEGRANTES<\/h6>\n\n\n\n<ul class=\"wp-block-list\">\n<li>Dami\u00e1n Petruccelli<\/li>\n\n\n\n<li>Carlos V\u00e1zquez<\/li>\n\n\n\n<li>I\u00f1aki Biscay Alberdi<\/li>\n\n\n\n<li>Carlos Dreyer<\/li>\n\n\n\n<li>Jorge Cathel\u00edn<\/li>\n<\/ul>\n\n\n\n<div style=\"height:30px\" aria-hidden=\"true\" class=\"wp-block-spacer\"><\/div>\n\n\n\n<h6 class=\"wp-block-heading\">DISE\u00d1O<\/h6>\n\n\n\n<p><a href=\"\/wp-content\/uploads\/2024\/03\/Manual-de-usos-para-la-nueva-marca-de-la-fcv.unlp_.pdf\">Documento de normalizaci\u00f3n de la marca institucional Facultad de Ciencias Veterinarias de la Universidad Nacional de La Plata<\/a><\/p>\n\n\n\n<figure class=\"wp-block-gallery has-nested-images columns-default is-cropped wp-block-gallery-1 is-layout-flex wp-block-gallery-is-layout-flex\">\n<figure class=\"wp-block-image size-large\"><img decoding=\"async\" data-id=\"7548\" src=\"http:\/\/www.fcv.unlp.edu.ar\/wp-content\/uploads\/2024\/03\/comunicacion2.jpeg\" alt=\"\" class=\"wp-image-7548\"\/><\/figure>\n\n\n\n<figure class=\"wp-block-image size-large\"><img fetchpriority=\"high\" decoding=\"async\" width=\"1024\" height=\"576\" data-id=\"7550\" src=\"http:\/\/www.fcv.unlp.edu.ar\/wp-content\/uploads\/2024\/03\/comunicacion4.jpeg\" alt=\"\" class=\"wp-image-7550\" srcset=\"https:\/\/www.fcv.unlp.edu.ar\/wp-content\/uploads\/2024\/03\/comunicacion4.jpeg 1024w, https:\/\/www.fcv.unlp.edu.ar\/wp-content\/uploads\/2024\/03\/comunicacion4-300x169.jpeg 300w, https:\/\/www.fcv.unlp.edu.ar\/wp-content\/uploads\/2024\/03\/comunicacion4-768x432.jpeg 768w\" sizes=\"(max-width: 1024px) 100vw, 1024px\" \/><\/figure>\n\n\n\n<figure class=\"wp-block-image size-large\"><img decoding=\"async\" width=\"768\" height=\"1024\" data-id=\"7549\" src=\"http:\/\/www.fcv.unlp.edu.ar\/wp-content\/uploads\/2024\/03\/comunicacion3.jpeg\" alt=\"\" class=\"wp-image-7549\" srcset=\"https:\/\/www.fcv.unlp.edu.ar\/wp-content\/uploads\/2024\/03\/comunicacion3.jpeg 768w, https:\/\/www.fcv.unlp.edu.ar\/wp-content\/uploads\/2024\/03\/comunicacion3-225x300.jpeg 225w\" sizes=\"(max-width: 768px) 100vw, 768px\" \/><\/figure>\n\n\n\n<figure class=\"wp-block-image size-large\"><img decoding=\"async\" width=\"1024\" height=\"683\" data-id=\"7547\" src=\"http:\/\/www.fcv.unlp.edu.ar\/wp-content\/uploads\/2024\/03\/comunicacion1-1024x683.jpg\" alt=\"\" class=\"wp-image-7547\" srcset=\"https:\/\/www.fcv.unlp.edu.ar\/wp-content\/uploads\/2024\/03\/comunicacion1-1024x683.jpg 1024w, https:\/\/www.fcv.unlp.edu.ar\/wp-content\/uploads\/2024\/03\/comunicacion1-300x200.jpg 300w, https:\/\/www.fcv.unlp.edu.ar\/wp-content\/uploads\/2024\/03\/comunicacion1-768x512.jpg 768w, https:\/\/www.fcv.unlp.edu.ar\/wp-content\/uploads\/2024\/03\/comunicacion1-1536x1024.jpg 1536w, https:\/\/www.fcv.unlp.edu.ar\/wp-content\/uploads\/2024\/03\/comunicacion1-2048x1365.jpg 2048w\" sizes=\"(max-width: 1024px) 100vw, 1024px\" \/><\/figure>\n\n\n\n<figure class=\"wp-block-image size-large\"><img loading=\"lazy\" decoding=\"async\" width=\"1024\" height=\"768\" data-id=\"7551\" src=\"http:\/\/www.fcv.unlp.edu.ar\/wp-content\/uploads\/2024\/03\/comunicacion5.jpeg\" alt=\"\" class=\"wp-image-7551\" srcset=\"https:\/\/www.fcv.unlp.edu.ar\/wp-content\/uploads\/2024\/03\/comunicacion5.jpeg 1024w, https:\/\/www.fcv.unlp.edu.ar\/wp-content\/uploads\/2024\/03\/comunicacion5-300x225.jpeg 300w, https:\/\/www.fcv.unlp.edu.ar\/wp-content\/uploads\/2024\/03\/comunicacion5-768x576.jpeg 768w\" sizes=\"(max-width: 1024px) 100vw, 1024px\" \/><\/figure>\n\n\n\n<figure class=\"wp-block-image size-large\"><img loading=\"lazy\" decoding=\"async\" width=\"1024\" height=\"768\" data-id=\"7546\" src=\"http:\/\/www.fcv.unlp.edu.ar\/wp-content\/uploads\/2024\/03\/comunicacion0-1024x768.jpg\" alt=\"\" class=\"wp-image-7546\" srcset=\"https:\/\/www.fcv.unlp.edu.ar\/wp-content\/uploads\/2024\/03\/comunicacion0-1024x768.jpg 1024w, https:\/\/www.fcv.unlp.edu.ar\/wp-content\/uploads\/2024\/03\/comunicacion0-300x225.jpg 300w, https:\/\/www.fcv.unlp.edu.ar\/wp-content\/uploads\/2024\/03\/comunicacion0-768x576.jpg 768w, https:\/\/www.fcv.unlp.edu.ar\/wp-content\/uploads\/2024\/03\/comunicacion0-1536x1152.jpg 1536w, https:\/\/www.fcv.unlp.edu.ar\/wp-content\/uploads\/2024\/03\/comunicacion0-2048x1536.jpg 2048w\" sizes=\"(max-width: 1024px) 100vw, 1024px\" \/><\/figure>\n<\/figure>\n","protected":false},"excerpt":{"rendered":"<p>Directora:&nbsp;Periodista Eleonora Rolleri. Conmutador:&nbsp;(0221) 423-6663\/4 Interno 417. Correo electr\u00f3nico:&nbsp;comunicacion@fcv.unlp.edu.ar La Direcci\u00f3n de Comunicaci\u00f3n, Prensa y Medios Audiovisuales: \u00a0INTEGRANTES DISE\u00d1O Documento de normalizaci\u00f3n de la marca institucional Facultad de Ciencias Veterinarias de la Universidad Nacional de La Plata<\/p>\n","protected":false},"author":5,"featured_media":0,"comment_status":"closed","ping_status":"closed","sticky":false,"template":"","format":"standard","meta":{"elearning_container_layout":"tg-site-layout--default","elearning_sidebar_layout":"tg-site-layout--default","elearning_remove_content_margin":false,"elearning_sidebar":"default","elearning_transparent_header":"customizer","elearning_logo":0,"elearning_header_style":"default","elearning_menu_item_color":"","elearning_menu_item_hover_color":"","elearning_menu_item_active_color":"","elearning_menu_item_active_style":"","elearning_page_header":true,"_themeisle_gutenberg_block_has_review":false,"footnotes":""},"categories":[42,10],"tags":[],"class_list":["post-7545","post","type-post","status-publish","format-standard","hentry","category-direcciones","category-institucional"],"publishpress_future_action":{"enabled":false,"date":"2026-05-03 08:42:05","action":"change-status","newStatus":"draft","terms":[],"taxonomy":"category","extraData":[]},"publishpress_future_workflow_manual_trigger":{"enabledWorkflows":[]},"_links":{"self":[{"href":"https:\/\/www.fcv.unlp.edu.ar\/index.php\/wp-json\/wp\/v2\/posts\/7545","targetHints":{"allow":["GET"]}}],"collection":[{"href":"https:\/\/www.fcv.unlp.edu.ar\/index.php\/wp-json\/wp\/v2\/posts"}],"about":[{"href":"https:\/\/www.fcv.unlp.edu.ar\/index.php\/wp-json\/wp\/v2\/types\/post"}],"author":[{"embeddable":true,"href":"https:\/\/www.fcv.unlp.edu.ar\/index.php\/wp-json\/wp\/v2\/users\/5"}],"replies":[{"embeddable":true,"href":"https:\/\/www.fcv.unlp.edu.ar\/index.php\/wp-json\/wp\/v2\/comments?post=7545"}],"version-history":[{"count":4,"href":"https:\/\/www.fcv.unlp.edu.ar\/index.php\/wp-json\/wp\/v2\/posts\/7545\/revisions"}],"predecessor-version":[{"id":12956,"href":"https:\/\/www.fcv.unlp.edu.ar\/index.php\/wp-json\/wp\/v2\/posts\/7545\/revisions\/12956"}],"wp:attachment":[{"href":"https:\/\/www.fcv.unlp.edu.ar\/index.php\/wp-json\/wp\/v2\/media?parent=7545"}],"wp:term":[{"taxonomy":"category","embeddable":true,"href":"https:\/\/www.fcv.unlp.edu.ar\/index.php\/wp-json\/wp\/v2\/categories?post=7545"},{"taxonomy":"post_tag","embeddable":true,"href":"https:\/\/www.fcv.unlp.edu.ar\/index.php\/wp-json\/wp\/v2\/tags?post=7545"}],"curies":[{"name":"wp","href":"https:\/\/api.w.org\/{rel}","templated":true}]}}