{"id":6718,"date":"2023-11-21T09:34:19","date_gmt":"2023-11-21T12:34:19","guid":{"rendered":"http:\/\/www.fcv.unlp.edu.ar\/?p=6718"},"modified":"2024-12-19T13:07:51","modified_gmt":"2024-12-19T16:07:51","slug":"premio-a-la-labor-cientifica-tecnologica-y-artisitica-2023","status":"publish","type":"post","link":"https:\/\/www.fcv.unlp.edu.ar\/index.php\/noticias\/premio-a-la-labor-cientifica-tecnologica-y-artisitica-2023\/","title":{"rendered":"PREMIO A LA LABOR CIENT\u00cdFICA, TECNOL\u00d3GICA Y ART\u00cdSITICA 2023"},"content":{"rendered":"\n<figure class=\"wp-block-image is-resized\"><img decoding=\"async\" src=\"https:\/\/www.fcv.unlp.edu.ar\/frontend\/media\/18\/3618\/xbig_9b81946295730f5c10a421d273fc06fa.jpg\" alt=\"\" style=\"width:367px;height:auto\" title=\"\"\/><\/figure>\n\n\n\n<p>Las autoridades de la Facultad&nbsp;invitan a&nbsp;participar de la&nbsp;ceremonia de entrega de \u00abPremios a&nbsp;la&nbsp;Labor Cient\u00edfica,&nbsp;Tecnol\u00f3gica y Art\u00edstica&nbsp;2023\u00bb, que&nbsp;se realizar\u00e1 el jueves&nbsp;6&nbsp;de diciembre, a las&nbsp;17.45,&nbsp;en&nbsp;patio&nbsp;del&nbsp;Edificio de la Presidencia.<br>Por parte de nuestra Unidad Acad\u00e9mica, recibir\u00e1n la distinci\u00f3n la&nbsp;Doctora Mar\u00eda Carla Garc\u00eda Mitacek, en la categor\u00eda&nbsp;Personas investigadoras en formaci\u00f3n y el&nbsp;Doctor Juan Manuel Unzaga, en la categor\u00eda Personas investigadoras formadas.<\/p>\n\n\n\n<p>Felicitamos&nbsp;a ambos&nbsp;por su dedicada labor&nbsp;y&nbsp;contribuci\u00f3n en el avance y desarrollo de la investigaci\u00f3n&nbsp;en nuestra instituci\u00f3n.<\/p>\n","protected":false},"excerpt":{"rendered":"<p>Las autoridades de la Facultad&nbsp;invitan a&nbsp;participar de la&nbsp;ceremonia de entrega de \u00abPremios a&nbsp;la&nbsp;Labor Cient\u00edfica,&nbsp;Tecnol\u00f3gica y Art\u00edstica&nbsp;2023\u00bb, que&nbsp;se realizar\u00e1 el jueves&nbsp;6&nbsp;de diciembre, a las&nbsp;17.45,&nbsp;en&nbsp;patio&nbsp;del&nbsp;Edificio de la Presidencia.Por parte de nuestra Unidad Acad\u00e9mica, recibir\u00e1n la distinci\u00f3n la&nbsp;Doctora Mar\u00eda Carla Garc\u00eda Mitacek, en la categor\u00eda&nbsp;Personas investigadoras en formaci\u00f3n y el&nbsp;Doctor Juan Manuel Unzaga, en la categor\u00eda Personas investigadoras [&hellip;]<\/p>\n","protected":false},"author":5,"featured_media":6719,"comment_status":"closed","ping_status":"closed","sticky":false,"template":"","format":"standard","meta":{"elearning_container_layout":"tg-site-layout--default","elearning_sidebar_layout":"tg-site-layout--default","elearning_remove_content_margin":false,"elearning_sidebar":"default","elearning_transparent_header":"customizer","elearning_logo":0,"elearning_header_style":"default","elearning_menu_item_color":"","elearning_menu_item_hover_color":"","elearning_menu_item_active_color":"","elearning_menu_item_active_style":"","elearning_page_header":true,"_themeisle_gutenberg_block_has_review":false,"footnotes":""},"categories":[16],"tags":[],"class_list":["post-6718","post","type-post","status-publish","format-standard","has-post-thumbnail","hentry","category-noticias"],"publishpress_future_action":{"enabled":false,"date":"2026-05-04 04:20:15","action":"change-status","newStatus":"draft","terms":[],"taxonomy":"category","extraData":[]},"publishpress_future_workflow_manual_trigger":{"enabledWorkflows":[]},"_links":{"self":[{"href":"https:\/\/www.fcv.unlp.edu.ar\/index.php\/wp-json\/wp\/v2\/posts\/6718","targetHints":{"allow":["GET"]}}],"collection":[{"href":"https:\/\/www.fcv.unlp.edu.ar\/index.php\/wp-json\/wp\/v2\/posts"}],"about":[{"href":"https:\/\/www.fcv.unlp.edu.ar\/index.php\/wp-json\/wp\/v2\/types\/post"}],"author":[{"embeddable":true,"href":"https:\/\/www.fcv.unlp.edu.ar\/index.php\/wp-json\/wp\/v2\/users\/5"}],"replies":[{"embeddable":true,"href":"https:\/\/www.fcv.unlp.edu.ar\/index.php\/wp-json\/wp\/v2\/comments?post=6718"}],"version-history":[{"count":1,"href":"https:\/\/www.fcv.unlp.edu.ar\/index.php\/wp-json\/wp\/v2\/posts\/6718\/revisions"}],"predecessor-version":[{"id":6723,"href":"https:\/\/www.fcv.unlp.edu.ar\/index.php\/wp-json\/wp\/v2\/posts\/6718\/revisions\/6723"}],"wp:featuredmedia":[{"embeddable":true,"href":"https:\/\/www.fcv.unlp.edu.ar\/index.php\/wp-json\/wp\/v2\/media\/6719"}],"wp:attachment":[{"href":"https:\/\/www.fcv.unlp.edu.ar\/index.php\/wp-json\/wp\/v2\/media?parent=6718"}],"wp:term":[{"taxonomy":"category","embeddable":true,"href":"https:\/\/www.fcv.unlp.edu.ar\/index.php\/wp-json\/wp\/v2\/categories?post=6718"},{"taxonomy":"post_tag","embeddable":true,"href":"https:\/\/www.fcv.unlp.edu.ar\/index.php\/wp-json\/wp\/v2\/tags?post=6718"}],"curies":[{"name":"wp","href":"https:\/\/api.w.org\/{rel}","templated":true}]}}