{"id":23562,"date":"2026-04-01T00:00:00","date_gmt":"2026-04-01T03:00:00","guid":{"rendered":"https:\/\/www.fcv.unlp.edu.ar\/?p=23562"},"modified":"2026-04-28T11:50:23","modified_gmt":"2026-04-28T14:50:23","slug":"consejo-directivo-2","status":"publish","type":"post","link":"https:\/\/www.fcv.unlp.edu.ar\/index.php\/institucional\/consejo-directivo-2\/","title":{"rendered":"CONSEJO DIRECTIVO"},"content":{"rendered":"\n<p>El Consejo Directivo de la Facultad de Ciencias Veterinarias de la Universidad Nacional de La Plata sesiona en forma ordinaria los \u00faltimos jueves de cada mes, a las 12.00, en el recinto de sesiones del edificio de Decanato, conforme a lo estipulado por los art\u00edculos 77\u00b0 y 78\u00b0 del&nbsp;<a href=\"http:\/\/sedici.unlp.edu.ar\/bitstream\/handle\/10915\/37738\/Documento_completo.pdf?sequence=1&amp;isAllowed=y\">Estatuto de la Universidad Nacional de La Plata<\/a>.<\/p>\n\n\n\n<p>Cuenta con cinco comisiones permanentes: Interpretaci\u00f3n y Reglamento, Finanzas, Ense\u00f1anza, Investigaci\u00f3n y Extensi\u00f3n.<\/p>\n\n\n\n<p>Funciona con un&nbsp;<a href=\"http:\/\/sedici.unlp.edu.ar\/bitstream\/handle\/10915\/112287\/Documento_completo.pdf-PDFA.pdf?sequence=1&amp;isAllowed=y\">Reglamento Interno, aprobado en 1986 y modificado por \u00faltima vez en 2014, al que se puede acceder desde aqu\u00ed.<\/a><\/p>\n\n\n\n<div style=\"height:30px\" aria-hidden=\"true\" class=\"wp-block-spacer\"><\/div>\n\n\n\n<h6 class=\"wp-block-heading\">\u00d3RDENES DEL D\u00cdA Y ACTAS<\/h6>\n\n\n\n<p><a href=\"https:\/\/www.fcv.unlp.edu.ar\/wp-content\/uploads\/2026\/04\/OD-ACTA-712.pdf\">Se puede acceder desde aqu\u00ed a la Orden del d\u00eda del pr\u00f3ximo Consejo Directivo<\/a><a href=\"https:\/\/www.fcv.unlp.edu.ar\/wp-content\/uploads\/2025\/04\/OD-ACTA-702.pdf\">\u00a0<\/a>que\u00a0se publica cada sesi\u00f3n con 48 horas de antelaci\u00f3n\u00a0para conocimiento de toda la comunidad.<\/p>\n\n\n\n<p>Las \u00d3rdenes del D\u00eda anteriores y las Actas est\u00e1n disponibles en el&nbsp;<a href=\"http:\/\/sedici.unlp.edu.ar\/handle\/10915\/93200\/discover?sort_by=dc.date.accessioned_dt&amp;order=desc\">Repositorio Institucional de la UNLP<\/a>. Aquellas que a\u00fan no se encuentran en el repositorio pueden solicitarse por nota dirigida al Decano.<\/p>\n\n\n\n<div style=\"height:30px\" aria-hidden=\"true\" class=\"wp-block-spacer\"><\/div>\n\n\n\n<h6 class=\"wp-block-heading\">MIEMBROS<\/h6>\n\n\n\n<p><strong>Titulares<\/strong><\/p>\n\n\n\n<ul class=\"wp-block-list\">\n<li>Julieta Josefina DE IRAOLA (Profesores)<\/li>\n\n\n\n<li>Javier Leandro BARBER\u00d3N&nbsp;(Profesores)<\/li>\n\n\n\n<li>Carlos Javier PANEI&nbsp;(Profesores)<\/li>\n\n\n\n<li>Sebasti\u00e1n Julio PICCO&nbsp;(Profesores)<\/li>\n\n\n\n<li>Andrea Viviana PACHAM\u00c9&nbsp;(Profesores)<\/li>\n\n\n\n<li>Francisco Jos\u00e9 REYNALDI&nbsp;(Profesores)<\/li>\n\n\n\n<li>Alberto Jos\u00e9 PRANDO&nbsp;(Profesores)<\/li>\n\n\n\n<li>Horacio TERZIOTTI (Jefe de Trabajos Pr\u00e1cticos)<\/li>\n\n\n\n<li>Ana Bel\u00e9n SCUFFI (Auxiliares Diplomados y Graduados)<\/li>\n\n\n\n<li>Pablo Mart\u00edn SEGURA&nbsp;(Auxiliares Diplomados y Graduados)<\/li>\n\n\n\n<li>Mar\u00eda Guadalupe FONTANA&nbsp;(Estudiantes por mayor\u00eda)<\/li>\n\n\n\n<li>Andrea Mar\u00eda LAZO SAAVEDRA&nbsp;(Estudiantes por mayor\u00eda)<\/li>\n\n\n\n<li>L\u00e1zaro ALLENDE (Estudiantes por mayor\u00eda)<\/li>\n\n\n\n<li>Luana RAIEN ALTAMIRANO (Estudiantes por mayor\u00eda)<\/li>\n\n\n\n<li>Milagros Mait\u00e9n OCHOA ARENILLAS (Estudiantes por minor\u00eda)<\/li>\n\n\n\n<li>Santiago SAVIGNONE (Nodocentes)<\/li>\n<\/ul>\n\n\n\n<div style=\"height:30px\" aria-hidden=\"true\" class=\"wp-block-spacer\"><\/div>\n\n\n\n<p><strong>Suplentes<\/strong><\/p>\n\n\n\n<ul class=\"wp-block-list\">\n<li>Mariana Alejandra MACHUCA&nbsp;(Profesores)<\/li>\n\n\n\n<li>Guillermo Carlos BROGLIA&nbsp;(Profesores)<\/li>\n\n\n\n<li>Mart\u00edn CARRIQUIRIBORDE&nbsp;(Profesores)<\/li>\n\n\n\n<li>Mar\u00eda Laura MARCHETTI&nbsp;(Profesores)<\/li>\n\n\n\n<li>Walter Rub\u00e9n GALV\u00c1N&nbsp;(Profesores)<\/li>\n\n\n\n<li>Karina Edith PELLICER&nbsp;(Profesores)<\/li>\n\n\n\n<li>Juli\u00e1n Horacio DE LA TORRE&nbsp;(Jefe de Trabajos Pr\u00e1cticos)<\/li>\n\n\n\n<li>Florencia TASSARA&nbsp;(Auxiliares Diplomados y Graduados)<\/li>\n\n\n\n<li>Marcos Daniel SALINA (Auxiliares Diplomados y Graduados)<\/li>\n\n\n\n<li>Franco Nicol\u00e1s PERNA (Estudiantes por mayor\u00eda)<\/li>\n\n\n\n<li>Julieta Victoria LAVADIA (Estudiantes por mayor\u00eda)<\/li>\n\n\n\n<li>Daiana Denise DI CIANNI (Estudiantes por mayor\u00eda)<\/li>\n\n\n\n<li>Conrado Eluney C\u00c1CERES&nbsp;(Estudiantes por mayor\u00eda)<\/li>\n\n\n\n<li>Victoria Micaela VITANZA (Estudiantes por minor\u00eda)<\/li>\n\n\n\n<li>Natalia Rosana CAMPIONE (Nodocentes)<\/li>\n<\/ul>\n\n\n\n<div style=\"height:30px\" aria-hidden=\"true\" class=\"wp-block-spacer\"><\/div>\n\n\n\n<h6 class=\"wp-block-heading\">COMISIONES<\/h6>\n\n\n\n<ul class=\"wp-block-list\">\n<li><strong>COMISI\u00d3N DE INTERPRETACI\u00d3N Y REGLAMENTO:&nbsp;<\/strong>se re\u00fane los lunes, a las 12.00.\n<ul class=\"wp-block-list\">\n<li><strong>TITULARES<\/strong>\n<ul class=\"wp-block-list\">\n<li>Julieta DE IRAOLA (Profesores)<\/li>\n\n\n\n<li>Sebasti\u00e1n PICCO (Profesores)<\/li>\n\n\n\n<li>Javier BARBER\u00d3N (Profesores)<\/li>\n\n\n\n<li>Andrea PACHAM\u00c9  (Profesores)<\/li>\n\n\n\n<li>Horacio TERZIOTTI (Jefes de Trabajos Pr\u00e1cticos)<\/li>\n\n\n\n<li>Bel\u00e9n SCUFFI (Auxiliares Diplomados y Graduados)<\/li>\n\n\n\n<li>Marcos SALINA (Auxiliares Diplomados y Graduados)<\/li>\n\n\n\n<li>Natalia CAMPIONE (Nodocentes)<\/li>\n\n\n\n<li>Guadalupe FONTANA (Estudiantes por mayor\u00eda)<\/li>\n\n\n\n<li>Andrea LAZO SAAVEDRA (Estudiantes por mayor\u00eda)<\/li>\n\n\n\n<li>Mat\u00edas BERS\u00c1N (Estudiantes por minor\u00eda)<\/li>\n<\/ul>\n<\/li>\n<\/ul>\n<\/li>\n<\/ul>\n\n\n\n<div style=\"height:30px\" aria-hidden=\"true\" class=\"wp-block-spacer\"><\/div>\n\n\n\n<ul class=\"wp-block-list\">\n<li><strong>COMISI\u00d3N DE EXTENSI\u00d3N:&nbsp;<\/strong>se re\u00fane los martes, a las 12.00.\n<ul class=\"wp-block-list\">\n<li><strong>TITULARES<\/strong>\n<ul class=\"wp-block-list\">\n<li>Francisco REYNALDI (Profesores)<\/li>\n\n\n\n<li>Alberto PRANDO (Profesores)<\/li>\n\n\n\n<li>Walter GALV\u00c1N (Profesores)<\/li>\n\n\n\n<li>Guillermo BROGLIA (Profesores)<\/li>\n\n\n\n<li>Juli\u00e1n DE LA TORRE (Jefes de Trabajos Pr\u00e1cticos)<\/li>\n\n\n\n<li>Pablo SEGURA (Auxiliares Diplomados y Graduados)<\/li>\n\n\n\n<li>Marcos SALINA (Auxiliares Diplomados y Graduados)<\/li>\n\n\n\n<li>Santiago SAVIGNONE (Nodocentes)<\/li>\n\n\n\n<li>Guadalupe FONTANA (Estudiantes por mayor\u00eda)<\/li>\n\n\n\n<li>Andrea LAZO SAAVEDRA (Estudiantes por mayor\u00eda)<\/li>\n\n\n\n<li>Milagros OCHOA (Estudiantes por minor\u00eda)<\/li>\n<\/ul>\n<\/li>\n<\/ul>\n<\/li>\n<\/ul>\n\n\n\n<div style=\"height:30px\" aria-hidden=\"true\" class=\"wp-block-spacer\"><\/div>\n\n\n\n<ul class=\"wp-block-list\">\n<li><strong>COMISI\u00d3N DE INVESTIGACI\u00d3N:&nbsp;<\/strong>se re\u00fane los mi\u00e9rcoles, a las 12.00.\n<ul class=\"wp-block-list\">\n<li><strong>TITULARES<\/strong>\n<ul class=\"wp-block-list\">\n<li>Javier PANEI (Profesores)<\/li>\n\n\n\n<li>Andrea PACHAM\u00c9 (Profesores)<\/li>\n\n\n\n<li>Francisco REYNALDI (Profesores)<\/li>\n\n\n\n<li>Javier BARBER\u00d3N (Profesores)<\/li>\n\n\n\n<li>Horacio TERZIOTTI (Jefes de Trabajos Pr\u00e1cticos)<\/li>\n\n\n\n<li>Bel\u00e9n SCUFFI (Auxiliares Diplomados y Graduados)<\/li>\n\n\n\n<li>Marcos SALINA (Auxiliares Diplomados y Graduados)<\/li>\n\n\n\n<li>Santiago SAVIGNONE (Nodocentes)<\/li>\n\n\n\n<li>Guadalupe FONTANA (Estudiantes por mayor\u00eda)<\/li>\n\n\n\n<li>Andrea LAZO SAAVEDRA (Estudiantes por mayor\u00eda)<\/li>\n\n\n\n<li>Milagros OCHOA (Estudiantes por minor\u00eda)<\/li>\n<\/ul>\n<\/li>\n<\/ul>\n<\/li>\n<\/ul>\n\n\n\n<div style=\"height:30px\" aria-hidden=\"true\" class=\"wp-block-spacer\"><\/div>\n\n\n\n<ul class=\"wp-block-list\">\n<li><strong>COMISI\u00d3N DE ENSE\u00d1ANZA:&nbsp;<\/strong>se re\u00fane los jueves, a las 12.00.\n<ul class=\"wp-block-list\">\n<li><strong>TITULARES<\/strong>\n<ul class=\"wp-block-list\">\n<li>Julieta DE IRAOLA (Profesores)<\/li>\n\n\n\n<li>Alberto PRANDO  (Profesores)<\/li>\n\n\n\n<li>Javier BARBER\u00d3N (Profesores)<\/li>\n\n\n\n<li>Andrea PACHAM\u00c9  (Profesores)<\/li>\n\n\n\n<li>Horacio TERZIOTTI (Jefes de Trabajos Pr\u00e1cticos)<\/li>\n\n\n\n<li>Bel\u00e9n SCUFFI (Auxiliares Diplomados y Graduados)<\/li>\n\n\n\n<li>Florencia TASSARA (Auxiliares Diplomados y Graduados)<\/li>\n\n\n\n<li>Santiago SAVIGNONE (Nodocentes)<\/li>\n\n\n\n<li>Guadalupe FONTANA (Estudiantes por mayor\u00eda)<\/li>\n\n\n\n<li>Andrea LAZO SAAVEDRA (Estudiantes por mayor\u00eda)<\/li>\n\n\n\n<li>Milagros OCHOA (Estudiantes por minor\u00eda)<\/li>\n<\/ul>\n<\/li>\n<\/ul>\n<\/li>\n<\/ul>\n\n\n\n<div style=\"height:30px\" aria-hidden=\"true\" class=\"wp-block-spacer\"><\/div>\n\n\n\n<ul class=\"wp-block-list\">\n<li><strong>COMISI\u00d3N DE FINANZAS:&nbsp;<\/strong>se re\u00fane los viernes, a las 12.00.\n<ul class=\"wp-block-list\">\n<li><strong>TITULARES<\/strong>\n<ul class=\"wp-block-list\">\n<li>Sebasti\u00e1n PICCO (Profesores)<\/li>\n\n\n\n<li>Javier BARBER\u00d3N (Profesores)<\/li>\n\n\n\n<li>Francisco REYNALDI (Profesores)<\/li>\n\n\n\n<li>Andrea PACHAM\u00c9  (Profesores)<\/li>\n\n\n\n<li>Horacio TERZIOTTI (Jefes de Trabajos Pr\u00e1cticos)<\/li>\n\n\n\n<li>Bel\u00e9n SCUFFI (Auxiliares Diplomados y Graduados)<\/li>\n\n\n\n<li>Florencia TASSARA (Auxiliares Diplomados y Graduados)<\/li>\n\n\n\n<li>Santiago SAVIGNONE (Nodocentes)<\/li>\n\n\n\n<li>Guadalupe FONTANA (Estudiantes por mayor\u00eda)<\/li>\n\n\n\n<li>Andrea LAZO SAAVEDRA (Estudiantes por mayor\u00eda)<\/li>\n\n\n\n<li>Milagros OCHOA (Estudiantes por minor\u00eda)<\/li>\n<\/ul>\n<\/li>\n<\/ul>\n<\/li>\n<\/ul>\n\n\n\n<figure class=\"wp-block-image alignwide size-large\"><img fetchpriority=\"high\" decoding=\"async\" width=\"1024\" height=\"768\" src=\"https:\/\/www.fcv.unlp.edu.ar\/wp-content\/uploads\/2026\/04\/IMG-20260327-WA0037-1024x768.jpg\" alt=\"\" class=\"wp-image-23622\" srcset=\"https:\/\/www.fcv.unlp.edu.ar\/wp-content\/uploads\/2026\/04\/IMG-20260327-WA0037-1024x768.jpg 1024w, https:\/\/www.fcv.unlp.edu.ar\/wp-content\/uploads\/2026\/04\/IMG-20260327-WA0037-300x225.jpg 300w, https:\/\/www.fcv.unlp.edu.ar\/wp-content\/uploads\/2026\/04\/IMG-20260327-WA0037-768x576.jpg 768w, https:\/\/www.fcv.unlp.edu.ar\/wp-content\/uploads\/2026\/04\/IMG-20260327-WA0037-1536x1152.jpg 1536w, https:\/\/www.fcv.unlp.edu.ar\/wp-content\/uploads\/2026\/04\/IMG-20260327-WA0037-2048x1536.jpg 2048w\" sizes=\"(max-width: 1024px) 100vw, 1024px\" \/><\/figure>\n\n\n\n<figure class=\"wp-block-gallery has-nested-images columns-default is-cropped wp-block-gallery-1 is-layout-flex wp-block-gallery-is-layout-flex\">\n<figure class=\"wp-block-image size-large\"><img decoding=\"async\" width=\"1024\" height=\"683\" data-id=\"23576\" src=\"https:\/\/www.fcv.unlp.edu.ar\/wp-content\/uploads\/2026\/03\/DSC_4283-1024x683.jpg\" alt=\"\" class=\"wp-image-23576\" srcset=\"https:\/\/www.fcv.unlp.edu.ar\/wp-content\/uploads\/2026\/03\/DSC_4283-1024x683.jpg 1024w, https:\/\/www.fcv.unlp.edu.ar\/wp-content\/uploads\/2026\/03\/DSC_4283-300x200.jpg 300w, https:\/\/www.fcv.unlp.edu.ar\/wp-content\/uploads\/2026\/03\/DSC_4283-768x512.jpg 768w, https:\/\/www.fcv.unlp.edu.ar\/wp-content\/uploads\/2026\/03\/DSC_4283-1536x1024.jpg 1536w, https:\/\/www.fcv.unlp.edu.ar\/wp-content\/uploads\/2026\/03\/DSC_4283-2048x1366.jpg 2048w\" sizes=\"(max-width: 1024px) 100vw, 1024px\" \/><\/figure>\n\n\n\n<figure class=\"wp-block-image size-large\"><img decoding=\"async\" width=\"1024\" height=\"683\" data-id=\"23599\" src=\"https:\/\/www.fcv.unlp.edu.ar\/wp-content\/uploads\/2026\/03\/DSC_4276-1024x683.jpg\" alt=\"\" class=\"wp-image-23599\" srcset=\"https:\/\/www.fcv.unlp.edu.ar\/wp-content\/uploads\/2026\/03\/DSC_4276-1024x683.jpg 1024w, https:\/\/www.fcv.unlp.edu.ar\/wp-content\/uploads\/2026\/03\/DSC_4276-300x200.jpg 300w, https:\/\/www.fcv.unlp.edu.ar\/wp-content\/uploads\/2026\/03\/DSC_4276-768x512.jpg 768w, https:\/\/www.fcv.unlp.edu.ar\/wp-content\/uploads\/2026\/03\/DSC_4276-1536x1024.jpg 1536w, https:\/\/www.fcv.unlp.edu.ar\/wp-content\/uploads\/2026\/03\/DSC_4276-2048x1365.jpg 2048w\" sizes=\"(max-width: 1024px) 100vw, 1024px\" \/><\/figure>\n\n\n\n<figure class=\"wp-block-image size-large\"><img loading=\"lazy\" decoding=\"async\" width=\"1024\" height=\"683\" data-id=\"23577\" src=\"https:\/\/www.fcv.unlp.edu.ar\/wp-content\/uploads\/2026\/03\/DSC_4286-1024x683.jpg\" alt=\"\" class=\"wp-image-23577\" srcset=\"https:\/\/www.fcv.unlp.edu.ar\/wp-content\/uploads\/2026\/03\/DSC_4286-1024x683.jpg 1024w, https:\/\/www.fcv.unlp.edu.ar\/wp-content\/uploads\/2026\/03\/DSC_4286-300x200.jpg 300w, https:\/\/www.fcv.unlp.edu.ar\/wp-content\/uploads\/2026\/03\/DSC_4286-768x512.jpg 768w, https:\/\/www.fcv.unlp.edu.ar\/wp-content\/uploads\/2026\/03\/DSC_4286-1536x1024.jpg 1536w, https:\/\/www.fcv.unlp.edu.ar\/wp-content\/uploads\/2026\/03\/DSC_4286-2048x1365.jpg 2048w\" sizes=\"(max-width: 1024px) 100vw, 1024px\" \/><\/figure>\n\n\n\n<figure class=\"wp-block-image size-large\"><img loading=\"lazy\" decoding=\"async\" width=\"1024\" height=\"683\" data-id=\"23662\" src=\"https:\/\/www.fcv.unlp.edu.ar\/wp-content\/uploads\/2026\/04\/DSC_4502-1024x683.jpg\" alt=\"\" class=\"wp-image-23662\" srcset=\"https:\/\/www.fcv.unlp.edu.ar\/wp-content\/uploads\/2026\/04\/DSC_4502-1024x683.jpg 1024w, https:\/\/www.fcv.unlp.edu.ar\/wp-content\/uploads\/2026\/04\/DSC_4502-300x200.jpg 300w, https:\/\/www.fcv.unlp.edu.ar\/wp-content\/uploads\/2026\/04\/DSC_4502-768x512.jpg 768w, https:\/\/www.fcv.unlp.edu.ar\/wp-content\/uploads\/2026\/04\/DSC_4502-1536x1024.jpg 1536w, https:\/\/www.fcv.unlp.edu.ar\/wp-content\/uploads\/2026\/04\/DSC_4502-2048x1366.jpg 2048w\" sizes=\"(max-width: 1024px) 100vw, 1024px\" \/><\/figure>\n\n\n\n<figure class=\"wp-block-image size-large\"><img loading=\"lazy\" decoding=\"async\" width=\"1024\" height=\"683\" data-id=\"23666\" src=\"https:\/\/www.fcv.unlp.edu.ar\/wp-content\/uploads\/2026\/04\/DSC_4526-1024x683.jpg\" alt=\"\" class=\"wp-image-23666\" srcset=\"https:\/\/www.fcv.unlp.edu.ar\/wp-content\/uploads\/2026\/04\/DSC_4526-1024x683.jpg 1024w, https:\/\/www.fcv.unlp.edu.ar\/wp-content\/uploads\/2026\/04\/DSC_4526-300x200.jpg 300w, https:\/\/www.fcv.unlp.edu.ar\/wp-content\/uploads\/2026\/04\/DSC_4526-768x512.jpg 768w, https:\/\/www.fcv.unlp.edu.ar\/wp-content\/uploads\/2026\/04\/DSC_4526-1536x1024.jpg 1536w, https:\/\/www.fcv.unlp.edu.ar\/wp-content\/uploads\/2026\/04\/DSC_4526-2048x1365.jpg 2048w\" sizes=\"(max-width: 1024px) 100vw, 1024px\" \/><\/figure>\n\n\n\n<figure class=\"wp-block-image size-large\"><img loading=\"lazy\" decoding=\"async\" width=\"1024\" height=\"683\" data-id=\"23665\" src=\"https:\/\/www.fcv.unlp.edu.ar\/wp-content\/uploads\/2026\/04\/DSC_4544-1024x683.jpg\" alt=\"\" class=\"wp-image-23665\" srcset=\"https:\/\/www.fcv.unlp.edu.ar\/wp-content\/uploads\/2026\/04\/DSC_4544-1024x683.jpg 1024w, https:\/\/www.fcv.unlp.edu.ar\/wp-content\/uploads\/2026\/04\/DSC_4544-300x200.jpg 300w, https:\/\/www.fcv.unlp.edu.ar\/wp-content\/uploads\/2026\/04\/DSC_4544-768x512.jpg 768w, https:\/\/www.fcv.unlp.edu.ar\/wp-content\/uploads\/2026\/04\/DSC_4544-1536x1024.jpg 1536w, https:\/\/www.fcv.unlp.edu.ar\/wp-content\/uploads\/2026\/04\/DSC_4544-2048x1366.jpg 2048w\" sizes=\"(max-width: 1024px) 100vw, 1024px\" \/><\/figure>\n\n\n\n<figure class=\"wp-block-image size-large\"><img loading=\"lazy\" decoding=\"async\" width=\"1024\" height=\"683\" data-id=\"23664\" src=\"https:\/\/www.fcv.unlp.edu.ar\/wp-content\/uploads\/2026\/04\/DSC_4590-1024x683.jpg\" alt=\"\" class=\"wp-image-23664\" srcset=\"https:\/\/www.fcv.unlp.edu.ar\/wp-content\/uploads\/2026\/04\/DSC_4590-1024x683.jpg 1024w, https:\/\/www.fcv.unlp.edu.ar\/wp-content\/uploads\/2026\/04\/DSC_4590-300x200.jpg 300w, https:\/\/www.fcv.unlp.edu.ar\/wp-content\/uploads\/2026\/04\/DSC_4590-768x512.jpg 768w, https:\/\/www.fcv.unlp.edu.ar\/wp-content\/uploads\/2026\/04\/DSC_4590-1536x1024.jpg 1536w, https:\/\/www.fcv.unlp.edu.ar\/wp-content\/uploads\/2026\/04\/DSC_4590-2048x1365.jpg 2048w\" sizes=\"(max-width: 1024px) 100vw, 1024px\" \/><\/figure>\n\n\n\n<figure class=\"wp-block-image size-large\"><img loading=\"lazy\" decoding=\"async\" width=\"1024\" height=\"683\" data-id=\"23578\" src=\"https:\/\/www.fcv.unlp.edu.ar\/wp-content\/uploads\/2026\/03\/DSC_4329-1024x683.jpg\" alt=\"\" class=\"wp-image-23578\" srcset=\"https:\/\/www.fcv.unlp.edu.ar\/wp-content\/uploads\/2026\/03\/DSC_4329-1024x683.jpg 1024w, https:\/\/www.fcv.unlp.edu.ar\/wp-content\/uploads\/2026\/03\/DSC_4329-300x200.jpg 300w, https:\/\/www.fcv.unlp.edu.ar\/wp-content\/uploads\/2026\/03\/DSC_4329-768x512.jpg 768w, https:\/\/www.fcv.unlp.edu.ar\/wp-content\/uploads\/2026\/03\/DSC_4329-1536x1024.jpg 1536w, https:\/\/www.fcv.unlp.edu.ar\/wp-content\/uploads\/2026\/03\/DSC_4329-2048x1365.jpg 2048w\" sizes=\"(max-width: 1024px) 100vw, 1024px\" \/><\/figure>\n<\/figure>\n\n\n\n<figure class=\"wp-block-image alignwide size-large\"><img loading=\"lazy\" decoding=\"async\" width=\"1024\" height=\"683\" src=\"https:\/\/www.fcv.unlp.edu.ar\/wp-content\/uploads\/2026\/04\/DSC_4606-1024x683.jpg\" alt=\"\" class=\"wp-image-23663\" srcset=\"https:\/\/www.fcv.unlp.edu.ar\/wp-content\/uploads\/2026\/04\/DSC_4606-1024x683.jpg 1024w, https:\/\/www.fcv.unlp.edu.ar\/wp-content\/uploads\/2026\/04\/DSC_4606-300x200.jpg 300w, https:\/\/www.fcv.unlp.edu.ar\/wp-content\/uploads\/2026\/04\/DSC_4606-768x512.jpg 768w, https:\/\/www.fcv.unlp.edu.ar\/wp-content\/uploads\/2026\/04\/DSC_4606-1536x1024.jpg 1536w, https:\/\/www.fcv.unlp.edu.ar\/wp-content\/uploads\/2026\/04\/DSC_4606-2048x1366.jpg 2048w\" sizes=\"(max-width: 1024px) 100vw, 1024px\" \/><\/figure>\n","protected":false},"excerpt":{"rendered":"<p>El Consejo Directivo de la Facultad de Ciencias Veterinarias de la Universidad Nacional de La Plata sesiona en forma ordinaria los \u00faltimos jueves de cada mes, a las 12.00, en el recinto de sesiones del edificio de Decanato, conforme a lo estipulado por los art\u00edculos 77\u00b0 y 78\u00b0 del\u00a0Estatuto de la Universidad Nacional de La Plata.<\/p>\n","protected":false},"author":4,"featured_media":23622,"comment_status":"closed","ping_status":"closed","sticky":false,"template":"","format":"standard","meta":{"elearning_container_layout":"tg-site-layout--default","elearning_sidebar_layout":"tg-site-layout--default","elearning_remove_content_margin":false,"elearning_sidebar":"default","elearning_transparent_header":"customizer","elearning_logo":0,"elearning_header_style":"default","elearning_menu_item_color":"","elearning_menu_item_hover_color":"","elearning_menu_item_active_color":"","elearning_menu_item_active_style":"","elearning_page_header":true,"_themeisle_gutenberg_block_has_review":false,"footnotes":""},"categories":[44,10],"tags":[],"class_list":["post-23562","post","type-post","status-publish","format-standard","has-post-thumbnail","hentry","category-gobierno","category-institucional"],"publishpress_future_action":{"enabled":true,"date":"2030-04-01 00:00:00","action":"change-status","newStatus":"private","terms":[],"taxonomy":"category","extraData":[]},"publishpress_future_workflow_manual_trigger":{"enabledWorkflows":[]},"_links":{"self":[{"href":"https:\/\/www.fcv.unlp.edu.ar\/index.php\/wp-json\/wp\/v2\/posts\/23562","targetHints":{"allow":["GET"]}}],"collection":[{"href":"https:\/\/www.fcv.unlp.edu.ar\/index.php\/wp-json\/wp\/v2\/posts"}],"about":[{"href":"https:\/\/www.fcv.unlp.edu.ar\/index.php\/wp-json\/wp\/v2\/types\/post"}],"author":[{"embeddable":true,"href":"https:\/\/www.fcv.unlp.edu.ar\/index.php\/wp-json\/wp\/v2\/users\/4"}],"replies":[{"embeddable":true,"href":"https:\/\/www.fcv.unlp.edu.ar\/index.php\/wp-json\/wp\/v2\/comments?post=23562"}],"version-history":[{"count":8,"href":"https:\/\/www.fcv.unlp.edu.ar\/index.php\/wp-json\/wp\/v2\/posts\/23562\/revisions"}],"predecessor-version":[{"id":24159,"href":"https:\/\/www.fcv.unlp.edu.ar\/index.php\/wp-json\/wp\/v2\/posts\/23562\/revisions\/24159"}],"wp:featuredmedia":[{"embeddable":true,"href":"https:\/\/www.fcv.unlp.edu.ar\/index.php\/wp-json\/wp\/v2\/media\/23622"}],"wp:attachment":[{"href":"https:\/\/www.fcv.unlp.edu.ar\/index.php\/wp-json\/wp\/v2\/media?parent=23562"}],"wp:term":[{"taxonomy":"category","embeddable":true,"href":"https:\/\/www.fcv.unlp.edu.ar\/index.php\/wp-json\/wp\/v2\/categories?post=23562"},{"taxonomy":"post_tag","embeddable":true,"href":"https:\/\/www.fcv.unlp.edu.ar\/index.php\/wp-json\/wp\/v2\/tags?post=23562"}],"curies":[{"name":"wp","href":"https:\/\/api.w.org\/{rel}","templated":true}]}}